{"id":1123,"date":"2017-09-04T14:31:56","date_gmt":"2017-09-04T14:31:56","guid":{"rendered":"https:\/\/www.hostalroquetes.com\/via-ferrada-a-la-vall-de-ribes-2\/"},"modified":"2017-09-04T14:46:11","modified_gmt":"2017-09-04T14:46:11","slug":"via-ferrada-en-la-vall-de-ribes","status":"publish","type":"post","link":"https:\/\/www.hostalroquetes.com\/es\/via-ferrada-en-la-vall-de-ribes\/","title":{"rendered":"VIA FERRADA EN LA VALL DE RIBES"},"content":{"rendered":"<h1>VIA FERRADA RIBES FRESER + NOCHE EN QUERALBS<\/h1>\n<h3><span id=\"result_box\" lang=\"es\">Descubre la sensaci\u00f3n de un escalador sin tener nivel de escalada y con m\u00e1xima seguridad<\/span>!<\/h3>\n<p><strong>VIA FERRATA EN RIBES DE FRESER<\/strong><\/p>\n<p><strong>La Roca de la Cruz y camino equipado del \u00abCastillo de Segura\u00bb<\/strong><br \/>\nUn itinerario de descubrimiento que permite llegado con seguridad a zonas de dif\u00edcil acceso para disfrutar de un maravilloso entorno adentr\u00e1ndose os en el gran\u00f3firo de Ribes, de origen volc\u00e1nico y \u00fanico en Catalu\u00f1a.<br \/>\nLa v\u00eda ferrata es un recorrido trazado en la pared de la roca, equipado de forma que permite al usuario auto-asegurarse a un sistema de protecci\u00f3n (cable de l\u00ednea de vida) contra las ca\u00eddas, mediante un absorbedor de energ\u00eda, mosquetones , arn\u00e9s y casco. Dispone de elementos de ayuda a la progresi\u00f3n como pelda\u00f1os as\u00ed como tomas de mano o de pie. La v\u00eda ferrata implica a realizaci\u00f3n de actividad f\u00edsica y su inter\u00e9s va desde el deporte, hasta las actividades terap\u00e9uticas pasando por la educaci\u00f3n y el turismo &#8230;.<\/p>\n<p>&nbsp;<\/p>\n<h2><strong>Por s\u00f3lo 95 \u20ac persona<\/strong><\/h2>\n<p>Incluye: V\u00eda ferrata + noche con media pensi\u00f3n en nuestro hostal<\/p>\n<h1><a href=\"http:\/\/www.freetime.cat\/es\/adventure\/via-ferrata-en-vall-de-ribes\/\" target=\"_blank\"><span style=\"color: #0000ff;\"><span style=\"color: #0000ff;\">RESERVA AHORA<\/span><\/span><\/a><\/h1>\n","protected":false},"excerpt":{"rendered":"<p>VIA FERRADA RIBES FRESER + NOCHE EN QUERALBS Descubre la sensaci\u00f3n de un escalador sin tener nivel de escalada y con m\u00e1xima seguridad! VIA FERRATA EN RIBES DE FRESER La Roca de la Cruz y camino equipado del \u00abCastillo de Segura\u00bb Un itinerario de descubrimiento que permite llegado con seguridad a zonas de dif\u00edcil acceso para disfrutar de un maravilloso entorno adentr\u00e1ndose os en el gran\u00f3firo de Ribes, de origen volc\u00e1nico y \u00fanico en Catalu\u00f1a. La v\u00eda ferrata es un recorrido trazado en la pared de la roca, equipado de forma que permite al usuario auto-asegurarse a un sistema de protecci\u00f3n (cable de l\u00ednea de vida) contra las ca\u00eddas, mediante un absorbedor de energ\u00eda, mosquetones , arn\u00e9s y casco. Dispone de elementos de ayuda a la progresi\u00f3n como pelda\u00f1os as\u00ed como tomas de mano o de pie. La v\u00eda ferrata implica a realizaci\u00f3n de actividad f\u00edsica y su inter\u00e9s va desde el deporte, hasta las actividades terap\u00e9uticas pasando por la educaci\u00f3n y el turismo &#8230;. &nbsp; Por s\u00f3lo 95 \u20ac persona Incluye: V\u00eda ferrata + noche con media pensi\u00f3n en nuestro hostal RESERVA AHORA<\/p>\n","protected":false},"author":1,"featured_media":1116,"comment_status":"closed","ping_status":"closed","sticky":false,"template":"","format":"standard","meta":{"footnotes":""},"categories":[21],"tags":[],"class_list":["post-1123","post","type-post","status-publish","format-standard","has-post-thumbnail","hentry","category-noticias-es"],"yoast_head":"<!-- This site is optimized with the Yoast SEO plugin v24.4 - https:\/\/yoast.com\/wordpress\/plugins\/seo\/ -->\n<title>VIA FERRADA EN LA VALL DE RIBES - Hostal Les Roquetes<\/title>\n<meta name=\"robots\" content=\"index, follow, max-snippet:-1, max-image-preview:large, max-video-preview:-1\" \/>\n<link rel=\"canonical\" href=\"https:\/\/www.hostalroquetes.com\/es\/via-ferrada-en-la-vall-de-ribes\/\" \/>\n<meta property=\"og:locale\" content=\"es_ES\" \/>\n<meta property=\"og:type\" content=\"article\" \/>\n<meta property=\"og:title\" content=\"VIA FERRADA EN LA VALL DE RIBES - Hostal Les Roquetes\" \/>\n<meta property=\"og:description\" content=\"VIA FERRADA RIBES FRESER + NOCHE EN QUERALBS Descubre la sensaci\u00f3n de un escalador sin tener nivel de escalada y con m\u00e1xima seguridad! VIA FERRATA EN RIBES DE FRESER La Roca de la Cruz y camino equipado del \u00abCastillo de Segura\u00bb Un itinerario de descubrimiento que permite llegado con seguridad a zonas de dif\u00edcil acceso para disfrutar de un maravilloso entorno adentr\u00e1ndose os en el gran\u00f3firo de Ribes, de origen volc\u00e1nico y \u00fanico en Catalu\u00f1a. La v\u00eda ferrata es un recorrido trazado en la pared de la roca, equipado de forma que permite al usuario auto-asegurarse a un sistema de protecci\u00f3n (cable de l\u00ednea de vida) contra las ca\u00eddas, mediante un absorbedor de energ\u00eda, mosquetones , arn\u00e9s y casco. Dispone de elementos de ayuda a la progresi\u00f3n como pelda\u00f1os as\u00ed como tomas de mano o de pie. La v\u00eda ferrata implica a realizaci\u00f3n de actividad f\u00edsica y su inter\u00e9s va desde el deporte, hasta las actividades terap\u00e9uticas pasando por la educaci\u00f3n y el turismo &#8230;. &nbsp; Por s\u00f3lo 95 \u20ac persona Incluye: V\u00eda ferrata + noche con media pensi\u00f3n en nuestro hostal RESERVA AHORA\" \/>\n<meta property=\"og:url\" content=\"https:\/\/www.hostalroquetes.com\/es\/via-ferrada-en-la-vall-de-ribes\/\" \/>\n<meta property=\"og:site_name\" content=\"Hostal Les Roquetes\" \/>\n<meta property=\"article:published_time\" content=\"2017-09-04T14:31:56+00:00\" \/>\n<meta property=\"article:modified_time\" content=\"2017-09-04T14:46:11+00:00\" \/>\n<meta property=\"og:image\" content=\"https:\/\/www.hostalroquetes.com\/wp-content\/uploads\/2017\/09\/via-ferrada.jpg\" \/>\n\t<meta property=\"og:image:width\" content=\"953\" \/>\n\t<meta property=\"og:image:height\" content=\"624\" \/>\n\t<meta property=\"og:image:type\" content=\"image\/jpeg\" \/>\n<meta name=\"author\" content=\"hroquetes\" \/>\n<meta name=\"twitter:label1\" content=\"Escrito por\" \/>\n\t<meta name=\"twitter:data1\" content=\"hroquetes\" \/>\n\t<meta name=\"twitter:label2\" content=\"Tiempo de lectura\" \/>\n\t<meta name=\"twitter:data2\" content=\"1 minuto\" \/>\n<script type=\"application\/ld+json\" class=\"yoast-schema-graph\">{\"@context\":\"https:\/\/schema.org\",\"@graph\":[{\"@type\":\"WebPage\",\"@id\":\"https:\/\/www.hostalroquetes.com\/es\/via-ferrada-en-la-vall-de-ribes\/\",\"url\":\"https:\/\/www.hostalroquetes.com\/es\/via-ferrada-en-la-vall-de-ribes\/\",\"name\":\"VIA FERRADA EN LA VALL DE RIBES - Hostal Les Roquetes\",\"isPartOf\":{\"@id\":\"https:\/\/www.hostalroquetes.com\/#website\"},\"primaryImageOfPage\":{\"@id\":\"https:\/\/www.hostalroquetes.com\/es\/via-ferrada-en-la-vall-de-ribes\/#primaryimage\"},\"image\":{\"@id\":\"https:\/\/www.hostalroquetes.com\/es\/via-ferrada-en-la-vall-de-ribes\/#primaryimage\"},\"thumbnailUrl\":\"https:\/\/www.hostalroquetes.com\/wp-content\/uploads\/2017\/09\/via-ferrada.jpg\",\"datePublished\":\"2017-09-04T14:31:56+00:00\",\"dateModified\":\"2017-09-04T14:46:11+00:00\",\"author\":{\"@id\":\"https:\/\/www.hostalroquetes.com\/#\/schema\/person\/957e69c2908fb70df5588ea15950940e\"},\"breadcrumb\":{\"@id\":\"https:\/\/www.hostalroquetes.com\/es\/via-ferrada-en-la-vall-de-ribes\/#breadcrumb\"},\"inLanguage\":\"es\",\"potentialAction\":[{\"@type\":\"ReadAction\",\"target\":[\"https:\/\/www.hostalroquetes.com\/es\/via-ferrada-en-la-vall-de-ribes\/\"]}]},{\"@type\":\"ImageObject\",\"inLanguage\":\"es\",\"@id\":\"https:\/\/www.hostalroquetes.com\/es\/via-ferrada-en-la-vall-de-ribes\/#primaryimage\",\"url\":\"https:\/\/www.hostalroquetes.com\/wp-content\/uploads\/2017\/09\/via-ferrada.jpg\",\"contentUrl\":\"https:\/\/www.hostalroquetes.com\/wp-content\/uploads\/2017\/09\/via-ferrada.jpg\",\"width\":953,\"height\":624},{\"@type\":\"BreadcrumbList\",\"@id\":\"https:\/\/www.hostalroquetes.com\/es\/via-ferrada-en-la-vall-de-ribes\/#breadcrumb\",\"itemListElement\":[{\"@type\":\"ListItem\",\"position\":1,\"name\":\"Portada\",\"item\":\"https:\/\/www.hostalroquetes.com\/es\/\"},{\"@type\":\"ListItem\",\"position\":2,\"name\":\"VIA FERRADA EN LA VALL DE RIBES\"}]},{\"@type\":\"WebSite\",\"@id\":\"https:\/\/www.hostalroquetes.com\/#website\",\"url\":\"https:\/\/www.hostalroquetes.com\/\",\"name\":\"Hostal Les Roquetes\",\"description\":\"Un rec\u00e9s a l&#039;entrada del Parc Natural de les Cap\u00e7aleres\",\"potentialAction\":[{\"@type\":\"SearchAction\",\"target\":{\"@type\":\"EntryPoint\",\"urlTemplate\":\"https:\/\/www.hostalroquetes.com\/?s={search_term_string}\"},\"query-input\":{\"@type\":\"PropertyValueSpecification\",\"valueRequired\":true,\"valueName\":\"search_term_string\"}}],\"inLanguage\":\"es\"},{\"@type\":\"Person\",\"@id\":\"https:\/\/www.hostalroquetes.com\/#\/schema\/person\/957e69c2908fb70df5588ea15950940e\",\"name\":\"hroquetes\",\"image\":{\"@type\":\"ImageObject\",\"inLanguage\":\"es\",\"@id\":\"https:\/\/www.hostalroquetes.com\/#\/schema\/person\/image\/\",\"url\":\"https:\/\/secure.gravatar.com\/avatar\/534bd96c1c65d0758fe51e8a238fe960?s=96&d=mm&r=g\",\"contentUrl\":\"https:\/\/secure.gravatar.com\/avatar\/534bd96c1c65d0758fe51e8a238fe960?s=96&d=mm&r=g\",\"caption\":\"hroquetes\"},\"url\":\"https:\/\/www.hostalroquetes.com\/es\/author\/hroquetes\/\"}]}<\/script>\n<!-- \/ Yoast SEO plugin. -->","yoast_head_json":{"title":"VIA FERRADA EN LA VALL DE RIBES - Hostal Les Roquetes","robots":{"index":"index","follow":"follow","max-snippet":"max-snippet:-1","max-image-preview":"max-image-preview:large","max-video-preview":"max-video-preview:-1"},"canonical":"https:\/\/www.hostalroquetes.com\/es\/via-ferrada-en-la-vall-de-ribes\/","og_locale":"es_ES","og_type":"article","og_title":"VIA FERRADA EN LA VALL DE RIBES - Hostal Les Roquetes","og_description":"VIA FERRADA RIBES FRESER + NOCHE EN QUERALBS Descubre la sensaci\u00f3n de un escalador sin tener nivel de escalada y con m\u00e1xima seguridad! VIA FERRATA EN RIBES DE FRESER La Roca de la Cruz y camino equipado del \u00abCastillo de Segura\u00bb Un itinerario de descubrimiento que permite llegado con seguridad a zonas de dif\u00edcil acceso para disfrutar de un maravilloso entorno adentr\u00e1ndose os en el gran\u00f3firo de Ribes, de origen volc\u00e1nico y \u00fanico en Catalu\u00f1a. La v\u00eda ferrata es un recorrido trazado en la pared de la roca, equipado de forma que permite al usuario auto-asegurarse a un sistema de protecci\u00f3n (cable de l\u00ednea de vida) contra las ca\u00eddas, mediante un absorbedor de energ\u00eda, mosquetones , arn\u00e9s y casco. Dispone de elementos de ayuda a la progresi\u00f3n como pelda\u00f1os as\u00ed como tomas de mano o de pie. La v\u00eda ferrata implica a realizaci\u00f3n de actividad f\u00edsica y su inter\u00e9s va desde el deporte, hasta las actividades terap\u00e9uticas pasando por la educaci\u00f3n y el turismo &#8230;. &nbsp; Por s\u00f3lo 95 \u20ac persona Incluye: V\u00eda ferrata + noche con media pensi\u00f3n en nuestro hostal RESERVA AHORA","og_url":"https:\/\/www.hostalroquetes.com\/es\/via-ferrada-en-la-vall-de-ribes\/","og_site_name":"Hostal Les Roquetes","article_published_time":"2017-09-04T14:31:56+00:00","article_modified_time":"2017-09-04T14:46:11+00:00","og_image":[{"width":953,"height":624,"url":"https:\/\/www.hostalroquetes.com\/wp-content\/uploads\/2017\/09\/via-ferrada.jpg","type":"image\/jpeg"}],"author":"hroquetes","twitter_misc":{"Escrito por":"hroquetes","Tiempo de lectura":"1 minuto"},"schema":{"@context":"https:\/\/schema.org","@graph":[{"@type":"WebPage","@id":"https:\/\/www.hostalroquetes.com\/es\/via-ferrada-en-la-vall-de-ribes\/","url":"https:\/\/www.hostalroquetes.com\/es\/via-ferrada-en-la-vall-de-ribes\/","name":"VIA FERRADA EN LA VALL DE RIBES - Hostal Les Roquetes","isPartOf":{"@id":"https:\/\/www.hostalroquetes.com\/#website"},"primaryImageOfPage":{"@id":"https:\/\/www.hostalroquetes.com\/es\/via-ferrada-en-la-vall-de-ribes\/#primaryimage"},"image":{"@id":"https:\/\/www.hostalroquetes.com\/es\/via-ferrada-en-la-vall-de-ribes\/#primaryimage"},"thumbnailUrl":"https:\/\/www.hostalroquetes.com\/wp-content\/uploads\/2017\/09\/via-ferrada.jpg","datePublished":"2017-09-04T14:31:56+00:00","dateModified":"2017-09-04T14:46:11+00:00","author":{"@id":"https:\/\/www.hostalroquetes.com\/#\/schema\/person\/957e69c2908fb70df5588ea15950940e"},"breadcrumb":{"@id":"https:\/\/www.hostalroquetes.com\/es\/via-ferrada-en-la-vall-de-ribes\/#breadcrumb"},"inLanguage":"es","potentialAction":[{"@type":"ReadAction","target":["https:\/\/www.hostalroquetes.com\/es\/via-ferrada-en-la-vall-de-ribes\/"]}]},{"@type":"ImageObject","inLanguage":"es","@id":"https:\/\/www.hostalroquetes.com\/es\/via-ferrada-en-la-vall-de-ribes\/#primaryimage","url":"https:\/\/www.hostalroquetes.com\/wp-content\/uploads\/2017\/09\/via-ferrada.jpg","contentUrl":"https:\/\/www.hostalroquetes.com\/wp-content\/uploads\/2017\/09\/via-ferrada.jpg","width":953,"height":624},{"@type":"BreadcrumbList","@id":"https:\/\/www.hostalroquetes.com\/es\/via-ferrada-en-la-vall-de-ribes\/#breadcrumb","itemListElement":[{"@type":"ListItem","position":1,"name":"Portada","item":"https:\/\/www.hostalroquetes.com\/es\/"},{"@type":"ListItem","position":2,"name":"VIA FERRADA EN LA VALL DE RIBES"}]},{"@type":"WebSite","@id":"https:\/\/www.hostalroquetes.com\/#website","url":"https:\/\/www.hostalroquetes.com\/","name":"Hostal Les Roquetes","description":"Un rec\u00e9s a l&#039;entrada del Parc Natural de les Cap\u00e7aleres","potentialAction":[{"@type":"SearchAction","target":{"@type":"EntryPoint","urlTemplate":"https:\/\/www.hostalroquetes.com\/?s={search_term_string}"},"query-input":{"@type":"PropertyValueSpecification","valueRequired":true,"valueName":"search_term_string"}}],"inLanguage":"es"},{"@type":"Person","@id":"https:\/\/www.hostalroquetes.com\/#\/schema\/person\/957e69c2908fb70df5588ea15950940e","name":"hroquetes","image":{"@type":"ImageObject","inLanguage":"es","@id":"https:\/\/www.hostalroquetes.com\/#\/schema\/person\/image\/","url":"https:\/\/secure.gravatar.com\/avatar\/534bd96c1c65d0758fe51e8a238fe960?s=96&d=mm&r=g","contentUrl":"https:\/\/secure.gravatar.com\/avatar\/534bd96c1c65d0758fe51e8a238fe960?s=96&d=mm&r=g","caption":"hroquetes"},"url":"https:\/\/www.hostalroquetes.com\/es\/author\/hroquetes\/"}]}},"_links":{"self":[{"href":"https:\/\/www.hostalroquetes.com\/es\/wp-json\/wp\/v2\/posts\/1123","targetHints":{"allow":["GET"]}}],"collection":[{"href":"https:\/\/www.hostalroquetes.com\/es\/wp-json\/wp\/v2\/posts"}],"about":[{"href":"https:\/\/www.hostalroquetes.com\/es\/wp-json\/wp\/v2\/types\/post"}],"author":[{"embeddable":true,"href":"https:\/\/www.hostalroquetes.com\/es\/wp-json\/wp\/v2\/users\/1"}],"replies":[{"embeddable":true,"href":"https:\/\/www.hostalroquetes.com\/es\/wp-json\/wp\/v2\/comments?post=1123"}],"version-history":[{"count":2,"href":"https:\/\/www.hostalroquetes.com\/es\/wp-json\/wp\/v2\/posts\/1123\/revisions"}],"predecessor-version":[{"id":1125,"href":"https:\/\/www.hostalroquetes.com\/es\/wp-json\/wp\/v2\/posts\/1123\/revisions\/1125"}],"wp:featuredmedia":[{"embeddable":true,"href":"https:\/\/www.hostalroquetes.com\/es\/wp-json\/wp\/v2\/media\/1116"}],"wp:attachment":[{"href":"https:\/\/www.hostalroquetes.com\/es\/wp-json\/wp\/v2\/media?parent=1123"}],"wp:term":[{"taxonomy":"category","embeddable":true,"href":"https:\/\/www.hostalroquetes.com\/es\/wp-json\/wp\/v2\/categories?post=1123"},{"taxonomy":"post_tag","embeddable":true,"href":"https:\/\/www.hostalroquetes.com\/es\/wp-json\/wp\/v2\/tags?post=1123"}],"curies":[{"name":"wp","href":"https:\/\/api.w.org\/{rel}","templated":true}]}}